{"id":7903,"date":"2024-04-03T07:58:33","date_gmt":"2024-04-03T07:58:33","guid":{"rendered":"https:\/\/www.lajareslawoffices.com\/dois-je-payer-la-tva-pour-la-location-de-ma-maison-de-vacances-a-fuerteventura\/"},"modified":"2024-04-03T08:01:38","modified_gmt":"2024-04-03T08:01:38","slug":"dois-je-payer-la-tva-pour-la-location-de-ma-maison-de-vacances-a-fuerteventura","status":"publish","type":"post","link":"https:\/\/www.lajareslawoffices.com\/fr\/dois-je-payer-la-tva-pour-la-location-de-ma-maison-de-vacances-a-fuerteventura\/","title":{"rendered":"Dois-je payer la TVA pour la location de ma maison de vacances \u00e0 Fuerteventura ?"},"content":{"rendered":"<p>[et_pb_section bb_built=\u00a0\u00bb1&Prime; custom_padding_last_edited=\u00a0\u00bbon|phone\u00a0\u00bb _builder_version=\u00a0\u00bb4.4.0&Prime; custom_margin=\u00a0\u00bb||||false|false\u00a0\u00bb custom_padding=\u00a0\u00bb||0px||false|false\u00a0\u00bb custom_padding_phone=\u00a0\u00bb0px||0px||false|false\u00a0\u00bb next_background_color=\u00a0\u00bb#000000&Prime;][et_pb_row _builder_version=\u00a0\u00bb4.4.0&Prime; width=\u00a0\u00bb800px\u00a0\u00bb width_tablet=\u00a0\u00bb100%\u00a0\u00bb width_last_edited=\u00a0\u00bbon|desktop\u00a0\u00bb][et_pb_column type=\u00a0\u00bb4_4&Prime; _builder_version=\u00a0\u00bb4.4.0&Prime;][et_pb_post_title admin_label=\u00a0\u00bbPost Title &#8211; don&rsquo;t change\u00a0\u00bb author=\u00a0\u00bboff\u00a0\u00bb date_format=\u00a0\u00bbj M, Y\u00a0\u00bb categories=\u00a0\u00bboff\u00a0\u00bb comments=\u00a0\u00bboff\u00a0\u00bb featured_image=\u00a0\u00bboff\u00a0\u00bb _builder_version=\u00a0\u00bb4.4.0&Prime; title_font=\u00a0\u00bb|700|||||||\u00a0\u00bb title_text_align=\u00a0\u00bbcenter\u00a0\u00bb title_font_size=\u00a0\u00bb60px\u00a0\u00bb meta_font=\u00a0\u00bb|||on|||||\u00a0\u00bb meta_text_align=\u00a0\u00bbcenter\u00a0\u00bb meta_font_size=\u00a0\u00bb12px\u00a0\u00bb vertical_offset_tablet=\u00a0\u00bb0&Prime; horizontal_offset_tablet=\u00a0\u00bb0&Prime; width_tablet=\u00a0\u00bb100%\u00a0\u00bb width_last_edited=\u00a0\u00bboff|desktop\u00a0\u00bb module_alignment=\u00a0\u00bbcenter\u00a0\u00bb custom_padding=\u00a0\u00bb|0%|30px|0%|false|true\u00a0\u00bb custom_padding_tablet=\u00a0\u00bb|5%||5%|false|true\u00a0\u00bb custom_padding_phone=\u00a0\u00bb|5%|10px|5%|false|true\u00a0\u00bb custom_padding_last_edited=\u00a0\u00bbon|tablet\u00a0\u00bb title_font_size_phone=\u00a0\u00bb40px\u00a0\u00bb title_font_size_last_edited=\u00a0\u00bbon|phone\u00a0\u00bb z_index_tablet=\u00a0\u00bb0&Prime; title_text_shadow_horizontal_length_tablet=\u00a0\u00bb0px\u00a0\u00bb title_text_shadow_vertical_length_tablet=\u00a0\u00bb0px\u00a0\u00bb title_text_shadow_blur_strength_tablet=\u00a0\u00bb1px\u00a0\u00bb meta_text_shadow_horizontal_length_tablet=\u00a0\u00bb0px\u00a0\u00bb meta_text_shadow_vertical_length_tablet=\u00a0\u00bb0px\u00a0\u00bb meta_text_shadow_blur_strength_tablet=\u00a0\u00bb1px\u00a0\u00bb box_shadow_horizontal_tablet=\u00a0\u00bb0px\u00a0\u00bb box_shadow_vertical_tablet=\u00a0\u00bb0px\u00a0\u00bb box_shadow_blur_tablet=\u00a0\u00bb40px\u00a0\u00bb box_shadow_spread_tablet=\u00a0\u00bb0px\u00a0\u00bb text_shadow_horizontal_length_tablet=\u00a0\u00bb0px\u00a0\u00bb text_shadow_vertical_length_tablet=\u00a0\u00bb0px\u00a0\u00bb text_shadow_blur_strength_tablet=\u00a0\u00bb1px\u00a0\u00bb width__hover_enabled=\u00a0\u00bboff|desktop\u00a0\u00bb text_shadow_horizontal_length=\u00a0\u00bbtext_shadow_style,%91object Object%93&Prime; text_shadow_vertical_length=\u00a0\u00bbtext_shadow_style,%91object Object%93&Prime; text_shadow_blur_strength=\u00a0\u00bbtext_shadow_style,%91object Object%93&Prime; title_text_shadow_horizontal_length=\u00a0\u00bbtitle_text_shadow_style,%91object Object%93&Prime; title_text_shadow_vertical_length=\u00a0\u00bbtitle_text_shadow_style,%91object Object%93&Prime; title_text_shadow_blur_strength=\u00a0\u00bbtitle_text_shadow_style,%91object Object%93&Prime; meta_text_shadow_horizontal_length=\u00a0\u00bbmeta_text_shadow_style,%91object Object%93&Prime; meta_text_shadow_vertical_length=\u00a0\u00bbmeta_text_shadow_style,%91object Object%93&Prime; meta_text_shadow_blur_strength=\u00a0\u00bbmeta_text_shadow_style,%91object Object%93&Prime; \/][et_pb_post_title admin_label=\u00a0\u00bbPost Title &#8211; don&rsquo;t change\u00a0\u00bb title=\u00a0\u00bboff\u00a0\u00bb meta=\u00a0\u00bboff\u00a0\u00bb date_format=\u00a0\u00bbj M, Y\u00a0\u00bb _builder_version=\u00a0\u00bb4.4.0&Prime; title_font=\u00a0\u00bb|700|||||||\u00a0\u00bb title_text_align=\u00a0\u00bbcenter\u00a0\u00bb title_font_size=\u00a0\u00bb60px\u00a0\u00bb meta_font=\u00a0\u00bb|||on|||||\u00a0\u00bb meta_text_align=\u00a0\u00bbcenter\u00a0\u00bb width_last_edited=\u00a0\u00bboff|phone\u00a0\u00bb module_alignment=\u00a0\u00bbcenter\u00a0\u00bb custom_margin=\u00a0\u00bb||||false|false\u00a0\u00bb text_shadow_horizontal_length=\u00a0\u00bbtext_shadow_style,%91object Object%93&Prime; text_shadow_horizontal_length_tablet=\u00a0\u00bb0px\u00a0\u00bb text_shadow_vertical_length=\u00a0\u00bbtext_shadow_style,%91object Object%93&Prime; text_shadow_vertical_length_tablet=\u00a0\u00bb0px\u00a0\u00bb text_shadow_blur_strength=\u00a0\u00bbtext_shadow_style,%91object Object%93&Prime; text_shadow_blur_strength_tablet=\u00a0\u00bb1px\u00a0\u00bb title_text_shadow_horizontal_length=\u00a0\u00bbtitle_text_shadow_style,%91object Object%93&Prime; title_text_shadow_horizontal_length_tablet=\u00a0\u00bb0px\u00a0\u00bb title_text_shadow_vertical_length=\u00a0\u00bbtitle_text_shadow_style,%91object Object%93&Prime; title_text_shadow_vertical_length_tablet=\u00a0\u00bb0px\u00a0\u00bb title_text_shadow_blur_strength=\u00a0\u00bbtitle_text_shadow_style,%91object Object%93&Prime; title_text_shadow_blur_strength_tablet=\u00a0\u00bb1px\u00a0\u00bb meta_text_shadow_horizontal_length=\u00a0\u00bbmeta_text_shadow_style,%91object Object%93&Prime; meta_text_shadow_horizontal_length_tablet=\u00a0\u00bb0px\u00a0\u00bb meta_text_shadow_vertical_length=\u00a0\u00bbmeta_text_shadow_style,%91object Object%93&Prime; meta_text_shadow_vertical_length_tablet=\u00a0\u00bb0px\u00a0\u00bb meta_text_shadow_blur_strength=\u00a0\u00bbmeta_text_shadow_style,%91object Object%93&Prime; meta_text_shadow_blur_strength_tablet=\u00a0\u00bb1px\u00a0\u00bb box_shadow_horizontal_tablet=\u00a0\u00bb0px\u00a0\u00bb box_shadow_vertical_tablet=\u00a0\u00bb0px\u00a0\u00bb box_shadow_blur_tablet=\u00a0\u00bb40px\u00a0\u00bb box_shadow_spread_tablet=\u00a0\u00bb0px\u00a0\u00bb vertical_offset_tablet=\u00a0\u00bb0&Prime; horizontal_offset_tablet=\u00a0\u00bb0&Prime; z_index_tablet=\u00a0\u00bb0&Prime; \/][\/et_pb_column][\/et_pb_row][et_pb_row _builder_version=\u00a0\u00bb4.4.0&Prime; width=\u00a0\u00bb800px\u00a0\u00bb width_tablet=\u00a0\u00bb80%\u00a0\u00bb width_last_edited=\u00a0\u00bbon|phone\u00a0\u00bb box_shadow_horizontal_tablet=\u00a0\u00bb0px\u00a0\u00bb box_shadow_vertical_tablet=\u00a0\u00bb0px\u00a0\u00bb box_shadow_blur_tablet=\u00a0\u00bb40px\u00a0\u00bb box_shadow_spread_tablet=\u00a0\u00bb0px\u00a0\u00bb vertical_offset_tablet=\u00a0\u00bb0&Prime; horizontal_offset_tablet=\u00a0\u00bb0&Prime; z_index_tablet=\u00a0\u00bb0&Prime; width_phone=\u00a0\u00bb100%\u00a0\u00bb][et_pb_column type=\u00a0\u00bb4_4&Prime; _builder_version=\u00a0\u00bb4.4.0&Prime;][et_pb_text admin_label=\u00a0\u00bb- Paste your text here &#8211;\u00a0\u00bb quote_border_weight=\u00a0\u00bb0px\u00a0\u00bb _builder_version=\u00a0\u00bb4.24.2&Prime; text_line_height=\u00a0\u00bb1.6em\u00a0\u00bb quote_text_align=\u00a0\u00bbcenter\u00a0\u00bb quote_font_size=\u00a0\u00bb24px\u00a0\u00bb vertical_offset_tablet=\u00a0\u00bb0&Prime; horizontal_offset_tablet=\u00a0\u00bb0&Prime; width_last_edited=\u00a0\u00bboff|tablet\u00a0\u00bb module_alignment=\u00a0\u00bbcenter\u00a0\u00bb hover_enabled=\u00a0\u00bb0&Prime; text_font_size_phone=\u00a0\u00bb14px\u00a0\u00bb text_font_size_last_edited=\u00a0\u00bbon|phone\u00a0\u00bb z_index_tablet=\u00a0\u00bb0&Prime; text_text_shadow_horizontal_length_tablet=\u00a0\u00bb0px\u00a0\u00bb text_text_shadow_vertical_length_tablet=\u00a0\u00bb0px\u00a0\u00bb text_text_shadow_blur_strength_tablet=\u00a0\u00bb1px\u00a0\u00bb link_text_shadow_horizontal_length_tablet=\u00a0\u00bb0px\u00a0\u00bb link_text_shadow_vertical_length_tablet=\u00a0\u00bb0px\u00a0\u00bb link_text_shadow_blur_strength_tablet=\u00a0\u00bb1px\u00a0\u00bb ul_text_shadow_horizontal_length_tablet=\u00a0\u00bb0px\u00a0\u00bb ul_text_shadow_vertical_length_tablet=\u00a0\u00bb0px\u00a0\u00bb ul_text_shadow_blur_strength_tablet=\u00a0\u00bb1px\u00a0\u00bb ol_text_shadow_horizontal_length_tablet=\u00a0\u00bb0px\u00a0\u00bb ol_text_shadow_vertical_length_tablet=\u00a0\u00bb0px\u00a0\u00bb ol_text_shadow_blur_strength_tablet=\u00a0\u00bb1px\u00a0\u00bb quote_text_shadow_horizontal_length_tablet=\u00a0\u00bb0px\u00a0\u00bb quote_text_shadow_vertical_length_tablet=\u00a0\u00bb0px\u00a0\u00bb quote_text_shadow_blur_strength_tablet=\u00a0\u00bb1px\u00a0\u00bb header_text_shadow_horizontal_length_tablet=\u00a0\u00bb0px\u00a0\u00bb header_text_shadow_vertical_length_tablet=\u00a0\u00bb0px\u00a0\u00bb header_text_shadow_blur_strength_tablet=\u00a0\u00bb1px\u00a0\u00bb header_2_text_shadow_horizontal_length_tablet=\u00a0\u00bb0px\u00a0\u00bb header_2_text_shadow_vertical_length_tablet=\u00a0\u00bb0px\u00a0\u00bb header_2_text_shadow_blur_strength_tablet=\u00a0\u00bb1px\u00a0\u00bb header_3_text_shadow_horizontal_length_tablet=\u00a0\u00bb0px\u00a0\u00bb header_3_text_shadow_vertical_length_tablet=\u00a0\u00bb0px\u00a0\u00bb header_3_text_shadow_blur_strength_tablet=\u00a0\u00bb1px\u00a0\u00bb header_4_text_shadow_horizontal_length_tablet=\u00a0\u00bb0px\u00a0\u00bb header_4_text_shadow_vertical_length_tablet=\u00a0\u00bb0px\u00a0\u00bb header_4_text_shadow_blur_strength_tablet=\u00a0\u00bb1px\u00a0\u00bb header_5_text_shadow_horizontal_length_tablet=\u00a0\u00bb0px\u00a0\u00bb header_5_text_shadow_vertical_length_tablet=\u00a0\u00bb0px\u00a0\u00bb header_5_text_shadow_blur_strength_tablet=\u00a0\u00bb1px\u00a0\u00bb header_6_text_shadow_horizontal_length_tablet=\u00a0\u00bb0px\u00a0\u00bb header_6_text_shadow_vertical_length_tablet=\u00a0\u00bb0px\u00a0\u00bb header_6_text_shadow_blur_strength_tablet=\u00a0\u00bb1px\u00a0\u00bb box_shadow_horizontal_tablet=\u00a0\u00bb0px\u00a0\u00bb box_shadow_vertical_tablet=\u00a0\u00bb0px\u00a0\u00bb box_shadow_blur_tablet=\u00a0\u00bb40px\u00a0\u00bb box_shadow_spread_tablet=\u00a0\u00bb0px\u00a0\u00bb header_2_font=\u00a0\u00bb|700|||||||\u00a0\u00bb module_class=\u00a0\u00bbpost-text\u00a0\u00bb text_text_shadow_horizontal_length=\u00a0\u00bbtext_text_shadow_style,%91object Object%93&Prime; text_text_shadow_vertical_length=\u00a0\u00bbtext_text_shadow_style,%91object Object%93&Prime; text_text_shadow_blur_strength=\u00a0\u00bbtext_text_shadow_style,%91object Object%93&Prime; link_text_shadow_horizontal_length=\u00a0\u00bblink_text_shadow_style,%91object Object%93&Prime; link_text_shadow_vertical_length=\u00a0\u00bblink_text_shadow_style,%91object Object%93&Prime; link_text_shadow_blur_strength=\u00a0\u00bblink_text_shadow_style,%91object Object%93&Prime; ul_text_shadow_horizontal_length=\u00a0\u00bbul_text_shadow_style,%91object Object%93&Prime; ul_text_shadow_vertical_length=\u00a0\u00bbul_text_shadow_style,%91object Object%93&Prime; ul_text_shadow_blur_strength=\u00a0\u00bbul_text_shadow_style,%91object Object%93&Prime; ol_text_shadow_horizontal_length=\u00a0\u00bbol_text_shadow_style,%91object Object%93&Prime; ol_text_shadow_vertical_length=\u00a0\u00bbol_text_shadow_style,%91object Object%93&Prime; ol_text_shadow_blur_strength=\u00a0\u00bbol_text_shadow_style,%91object Object%93&Prime; quote_text_shadow_horizontal_length=\u00a0\u00bbquote_text_shadow_style,%91object Object%93&Prime; quote_text_shadow_vertical_length=\u00a0\u00bbquote_text_shadow_style,%91object Object%93&Prime; quote_text_shadow_blur_strength=\u00a0\u00bbquote_text_shadow_style,%91object Object%93&Prime; header_text_shadow_horizontal_length=\u00a0\u00bbheader_text_shadow_style,%91object Object%93&Prime; header_text_shadow_vertical_length=\u00a0\u00bbheader_text_shadow_style,%91object Object%93&Prime; header_text_shadow_blur_strength=\u00a0\u00bbheader_text_shadow_style,%91object Object%93&Prime; header_2_text_shadow_horizontal_length=\u00a0\u00bbheader_2_text_shadow_style,%91object Object%93&Prime; header_2_text_shadow_vertical_length=\u00a0\u00bbheader_2_text_shadow_style,%91object Object%93&Prime; header_2_text_shadow_blur_strength=\u00a0\u00bbheader_2_text_shadow_style,%91object Object%93&Prime; header_3_text_shadow_horizontal_length=\u00a0\u00bbheader_3_text_shadow_style,%91object Object%93&Prime; header_3_text_shadow_vertical_length=\u00a0\u00bbheader_3_text_shadow_style,%91object Object%93&Prime; header_3_text_shadow_blur_strength=\u00a0\u00bbheader_3_text_shadow_style,%91object Object%93&Prime; header_4_text_shadow_horizontal_length=\u00a0\u00bbheader_4_text_shadow_style,%91object Object%93&Prime; header_4_text_shadow_vertical_length=\u00a0\u00bbheader_4_text_shadow_style,%91object Object%93&Prime; header_4_text_shadow_blur_strength=\u00a0\u00bbheader_4_text_shadow_style,%91object Object%93&Prime; header_5_text_shadow_horizontal_length=\u00a0\u00bbheader_5_text_shadow_style,%91object Object%93&Prime; header_5_text_shadow_vertical_length=\u00a0\u00bbheader_5_text_shadow_style,%91object Object%93&Prime; header_5_text_shadow_blur_strength=\u00a0\u00bbheader_5_text_shadow_style,%91object Object%93&Prime; header_6_text_shadow_horizontal_length=\u00a0\u00bbheader_6_text_shadow_style,%91object Object%93&Prime; header_6_text_shadow_vertical_length=\u00a0\u00bbheader_6_text_shadow_style,%91object Object%93&Prime; header_6_text_shadow_blur_strength=\u00a0\u00bbheader_6_text_shadow_style,%91object Object%93&Prime; background_pattern_color=\u00a0\u00bbrgba(0,0,0,0.2)\u00a0\u00bb background_mask_color=\u00a0\u00bb#ffffff\u00a0\u00bb]<\/p>\n<p>Comme nous l&rsquo;avions indiqu\u00e9 au d\u00e9but de l&rsquo;ann\u00e9e 2024, les modifications susceptibles d&rsquo;affecter les locations de vacances sur l&rsquo;\u00eele seraient un sujet majeur.<\/p>\n<p>Une certaine agitation a d\u00e9j\u00e0 commenc\u00e9 en janvier apr\u00e8s une publication du gouvernement canarien,\u00a0<a href=\"https:\/\/www3.gobiernodecanarias.org\/tributos\/atc\/estatico\/publicacion\/novedad\/pdf\/Cuadro_NOVEDADES_TRIBUTARIAS_2024_Ley_Presupuestos.pdf\">https:\/\/www3.gobiernodecanarias.org\/tributos\/atc\/estatico\/publicacion\/novedad\/pdf\/Cuadro_NOVEDADES_TRIBUTARIAS_2024_Ley_Presupuestos.pdf<\/a><\/p>\n<p>dont le libell\u00e9 est le suivant :<\/p>\n<p><em>\u00a0\u00bb Depuis le 1er janvier 2024, les personnes physiques non \u00e9tablies aux Canaries qui d\u00e9marrent une activit\u00e9 commerciale ou professionnelle ne peuvent pas b\u00e9n\u00e9ficier du REPEP, qu&rsquo;elles exercent ou non des activit\u00e9s \u00e9conomiques dans d&rsquo;autres territoires et quel que soit le volume de leurs op\u00e9rations universelles. \u00ab\u00a0<\/em><\/p>\n<p>Cette publication a imm\u00e9diatement provoqu\u00e9 une circulation d&rsquo;informations informant les propri\u00e9taires d&rsquo;une propri\u00e9t\u00e9 de location de vacances, qui n&rsquo;ont pas de r\u00e9sidence fiscale en Espagne, qu&rsquo;\u00e0 partir du 1er janvier 2024 ils seraient exclus du \u00ab\u00a0R\u00e9gimen Especial Canario del Peque\u00f1o Empresario\u00a0\u00bb ou prochainement REPEP (TVA exclue en raison de revenus &lt; 30.000,-\u20ac \/an), et qu&rsquo;\u00e0 partir du 1er janvier 2024 ils auraient l&rsquo;obligation de soumettre (et de payer) des d\u00e9clarations trimestrielles de TVA.<\/p>\n<p>Le d\u00e9partement fiscal de LAJARES LAW OFFICES a d\u00e9cid\u00e9 de prendre le temps de bien \u00e9tudier la question et de rencontrer plusieurs experts de l&rsquo;Agence fiscale des Canaries et de l&rsquo;Association de location de vacances des \u00eeles Canaries (ASCAV), avant d&rsquo;envoyer toute communication.<\/p>\n<p>Aujourd&rsquo;hui, nous avons le plaisir de vous informer que la plupart des informations concernant les obligations g\u00e9n\u00e9rales en mati\u00e8re de TVA pour les propri\u00e9taires de locations de vacances non-r\u00e9sidents qui ont circul\u00e9 au cours des deux derniers mois n&rsquo;\u00e9taient pas correctes.<\/p>\n<p>La publication du gouvernement canarien fait explicitement r\u00e9f\u00e9rence au d\u00e9veloppement d&rsquo;une activit\u00e9 commerciale ou professionnelle. \u00c0 cet \u00e9gard, l&rsquo;activit\u00e9 de location de votre propre propri\u00e9t\u00e9, qu&rsquo;elle soit de vacances ou \u00e0 long terme, n&rsquo;est pas class\u00e9e comme une activit\u00e9 professionnelle ou commerciale puisque son revenu n&rsquo;est pas impos\u00e9 comme un revenu d&rsquo;activit\u00e9s \u00e9conomiques mais comme un revenu de \u00ab\u00a0gains immobiliers\u00a0\u00bb.<\/p>\n<p>Par ailleurs, la publication litt\u00e9raire mentionne \u00e9galement les personnes \u00ab\u00a0non \u00e9tablies\u00a0\u00bb aux \u00eeles Canaries. Le fait de disposer d&rsquo;une propri\u00e9t\u00e9 aux \u00eeles Canaries, objet de l&rsquo;activit\u00e9 de location, rompt avec le concept de \u00ab\u00a0non-\u00e9tablissement\u00a0\u00bb. Pour le fisc canarien, l&rsquo;adresse de votre propri\u00e9t\u00e9 de location de vacances \u00e0 Fuerteventura est consid\u00e9r\u00e9e comme un \u00e9tablissement permanent.<\/p>\n<p>En compl\u00e9ment du point pr\u00e9c\u00e9dent, il convient de pr\u00e9ciser la diff\u00e9rence entre \u00e9tablissement et r\u00e9sidence fiscale. Vous avez un \u00e9tablissement aux \u00eeles Canaries parce que votre activit\u00e9 est exerc\u00e9e \u00e0 l&rsquo;adresse indiqu\u00e9e, mais pas de r\u00e9sidence fiscale puisque vous ne passez pas plus de 183 jours par nuit sur le territoire espagnol.<\/p>\n<p>Le r\u00e9gime fiscal REPEP remis en question comporte d&rsquo;autres exigences qui doivent \u00eatre soigneusement \u00e9valu\u00e9es, mais cela a toujours \u00e9t\u00e9 le cas et n&rsquo;est pas affect\u00e9 par la r\u00e9cente publication.<\/p>\n<p>Une fois de plus, il a \u00e9t\u00e9 prouv\u00e9 que ALL YOU NEED IS LAW.<\/p>\n<p>[\/et_pb_text][et_pb_image src=\u00a0\u00bbhttps:\/\/www.lajareslawoffices.com\/wp-content\/uploads\/2020\/03\/All-You-Need-Is-Law-centered.svg\u00a0\u00bb alt=\u00a0\u00bbAll You Need Is Law centered\u00a0\u00bb _builder_version=\u00a0\u00bb4.4.0&Prime; width=\u00a0\u00bb200px\u00a0\u00bb module_alignment=\u00a0\u00bbcenter\u00a0\u00bb custom_margin=\u00a0\u00bb0px||50px||false|false\u00a0\u00bb custom_padding=\u00a0\u00bb15px||||false|false\u00a0\u00bb hover_enabled=\u00a0\u00bb0&Prime; global_module=\u00a0\u00bb2067&Prime; \/][\/et_pb_column][\/et_pb_row][\/et_pb_section][et_pb_section bb_built=\u00a0\u00bb1&Prime; _builder_version=\u00a0\u00bb4.4.0&Prime; custom_margin_last_edited=\u00a0\u00bboff|phone\u00a0\u00bb custom_padding=\u00a0\u00bb0px||||false|false\u00a0\u00bb prev_background_color=\u00a0\u00bb#000000&Prime; box_shadow_horizontal_tablet=\u00a0\u00bb0px\u00a0\u00bb box_shadow_vertical_tablet=\u00a0\u00bb0px\u00a0\u00bb box_shadow_blur_tablet=\u00a0\u00bb40px\u00a0\u00bb box_shadow_spread_tablet=\u00a0\u00bb0px\u00a0\u00bb vertical_offset_tablet=\u00a0\u00bb0&Prime; horizontal_offset_tablet=\u00a0\u00bb0&Prime; z_index_tablet=\u00a0\u00bb0&Prime;][et_pb_row _builder_version=\u00a0\u00bb4.4.0&Prime;][et_pb_column type=\u00a0\u00bb4_4&Prime; _builder_version=\u00a0\u00bb4.4.0&Prime;][et_pb_button admin_label=\u00a0\u00bbButton &#8211; dont&rsquo; change\u00a0\u00bb button_url=\u00a0\u00bbhttps:\/\/www.lajareslawoffices.com\/fr\/fuerteventura-law-blog\/\u00a0\u00bb button_text=\u00a0\u00bb Retour au Fuerteventura Law Blog\u00a0\u00bb button_alignment=\u00a0\u00bbcenter\u00a0\u00bb module_class=\u00a0\u00bbfirst-button\u00a0\u00bb _builder_version=\u00a0\u00bb4.4.0&Prime; custom_button=\u00a0\u00bbon\u00a0\u00bb button_text_size=\u00a0\u00bb14px\u00a0\u00bb button_text_color=\u00a0\u00bb#ffffff\u00a0\u00bb button_bg_color=\u00a0\u00bb#000000&Prime; button_border_color=\u00a0\u00bb#ffffff\u00a0\u00bb button_font=\u00a0\u00bb|700||on|||||\u00a0\u00bb button_use_icon=\u00a0\u00bboff\u00a0\u00bb custom_padding=\u00a0\u00bb10px|20px|10px|20px|true|true\u00a0\u00bb button_text_color__hover_enabled=\u00a0\u00bboff|desktop\u00a0\u00bb button_text_color__hover=\u00a0\u00bb#ffffff\u00a0\u00bb button_bg_color__hover_enabled=\u00a0\u00bbon|hover\u00a0\u00bb button_bg_enable_color__hover=\u00a0\u00bboff\u00a0\u00bb button_border_color__hover_enabled=\u00a0\u00bbon|hover\u00a0\u00bb button_border_color__hover=\u00a0\u00bb#ffffff\u00a0\u00bb button_bg_use_color_gradient__hover=\u00a0\u00bbon\u00a0\u00bb button_bg_color_gradient_start__hover=\u00a0\u00bb#4f4f4f\u00a0\u00bb button_bg_color_gradient_end__hover=\u00a0\u00bb#aaaaaa\u00a0\u00bb button_bg_color_gradient_type__hover=\u00a0\u00bbcircular\u00a0\u00bb button_bg_color_gradient_direction_radial__hover=\u00a0\u00bbtop left\u00a0\u00bb button_text_shadow_horizontal_length=\u00a0\u00bbbutton_text_shadow_style,%91object Object%93&Prime; button_text_shadow_horizontal_length_tablet=\u00a0\u00bb0px\u00a0\u00bb button_text_shadow_vertical_length=\u00a0\u00bbbutton_text_shadow_style,%91object Object%93&Prime; button_text_shadow_vertical_length_tablet=\u00a0\u00bb0px\u00a0\u00bb button_text_shadow_blur_strength=\u00a0\u00bbbutton_text_shadow_style,%91object Object%93&Prime; button_text_shadow_blur_strength_tablet=\u00a0\u00bb1px\u00a0\u00bb box_shadow_horizontal_tablet=\u00a0\u00bb0px\u00a0\u00bb box_shadow_vertical_tablet=\u00a0\u00bb0px\u00a0\u00bb box_shadow_blur_tablet=\u00a0\u00bb40px\u00a0\u00bb box_shadow_spread_tablet=\u00a0\u00bb0px\u00a0\u00bb vertical_offset_tablet=\u00a0\u00bb0&Prime; horizontal_offset_tablet=\u00a0\u00bb0&Prime; z_index_tablet=\u00a0\u00bb0&Prime; button_bg_color_gradient_stops__hover=\u00a0\u00bb#4f4f4f 0%|#aaaaaa 100%\u00a0\u00bb \/][\/et_pb_column][\/et_pb_row][\/et_pb_section]<\/p>\n","protected":false},"excerpt":{"rendered":"<p>Comme nous l&rsquo;avions indiqu\u00e9 au d\u00e9but de l&rsquo;ann\u00e9e 2024, les modifications susceptibles d&rsquo;affecter les locations de vacances sur l&rsquo;\u00eele seraient un sujet majeur. Une certaine agitation a d\u00e9j\u00e0 commenc\u00e9 en janvier apr\u00e8s une publication du gouvernement canarien,\u00a0https:\/\/www3.gobiernodecanarias.org\/tributos\/atc\/estatico\/publicacion\/novedad\/pdf\/Cuadro_NOVEDADES_TRIBUTARIAS_2024_Ley_Presupuestos.pdf dont le libell\u00e9 est le suivant : \u00a0\u00bb Depuis le 1er janvier 2024, les personnes physiques non \u00e9tablies [&hellip;]<\/p>\n","protected":false},"author":2,"featured_media":7895,"comment_status":"closed","ping_status":"closed","sticky":false,"template":"","format":"standard","meta":{"_et_pb_use_builder":"on","_et_pb_old_content":"","_et_gb_content_width":"","_monsterinsights_skip_tracking":false,"_monsterinsights_sitenote_active":false,"_monsterinsights_sitenote_note":"","_monsterinsights_sitenote_category":0,"footnotes":""},"categories":[63],"tags":[],"class_list":["post-7903","post","type-post","status-publish","format-standard","has-post-thumbnail","hentry","category-locations-de-vacances"],"yoast_head":"<!-- This site is optimized with the Yoast SEO plugin v27.3 - https:\/\/yoast.com\/product\/yoast-seo-wordpress\/ -->\n<title>Dois-je payer la TVA pour la location de ma maison de vacances \u00e0 Fuerteventura ? - Lajares Law Offices<\/title>\n<meta name=\"robots\" content=\"index, follow, max-snippet:-1, max-image-preview:large, max-video-preview:-1\" \/>\n<link rel=\"canonical\" href=\"https:\/\/www.lajareslawoffices.com\/fr\/dois-je-payer-la-tva-pour-la-location-de-ma-maison-de-vacances-a-fuerteventura\/\" \/>\n<meta property=\"og:locale\" content=\"fr_FR\" \/>\n<meta property=\"og:type\" content=\"article\" \/>\n<meta property=\"og:title\" content=\"Dois-je payer la TVA pour la location de ma maison de vacances \u00e0 Fuerteventura ? - Lajares Law Offices\" \/>\n<meta property=\"og:description\" content=\"Comme nous l&#039;avions indiqu\u00e9 au d\u00e9but de l&#039;ann\u00e9e 2024, les modifications susceptibles d&#039;affecter les locations de vacances sur l&#039;\u00eele seraient un sujet majeur. Une certaine agitation a d\u00e9j\u00e0 commenc\u00e9 en janvier apr\u00e8s une publication du gouvernement canarien,\u00a0https:\/\/www3.gobiernodecanarias.org\/tributos\/atc\/estatico\/publicacion\/novedad\/pdf\/Cuadro_NOVEDADES_TRIBUTARIAS_2024_Ley_Presupuestos.pdf dont le libell\u00e9 est le suivant : &quot; Depuis le 1er janvier 2024, les personnes physiques non \u00e9tablies [&hellip;]\" \/>\n<meta property=\"og:url\" content=\"https:\/\/www.lajareslawoffices.com\/fr\/dois-je-payer-la-tva-pour-la-location-de-ma-maison-de-vacances-a-fuerteventura\/\" \/>\n<meta property=\"og:site_name\" content=\"Lajares Law Offices\" \/>\n<meta property=\"article:published_time\" content=\"2024-04-03T07:58:33+00:00\" \/>\n<meta property=\"article:modified_time\" content=\"2024-04-03T08:01:38+00:00\" \/>\n<meta property=\"og:image\" content=\"https:\/\/www.lajareslawoffices.com\/wp-content\/uploads\/2024\/03\/relax-429006_1280.jpg\" \/>\n\t<meta property=\"og:image:width\" content=\"1280\" \/>\n\t<meta property=\"og:image:height\" content=\"853\" \/>\n\t<meta property=\"og:image:type\" content=\"image\/jpeg\" \/>\n<meta name=\"author\" content=\"lajareslawoffices\" \/>\n<meta name=\"twitter:card\" content=\"summary_large_image\" \/>\n<meta name=\"twitter:label1\" content=\"\u00c9crit par\" \/>\n\t<meta name=\"twitter:data1\" content=\"lajareslawoffices\" \/>\n\t<meta name=\"twitter:label2\" content=\"Dur\u00e9e de lecture estim\u00e9e\" \/>\n\t<meta name=\"twitter:data2\" content=\"11 minutes\" \/>\n<script type=\"application\/ld+json\" class=\"yoast-schema-graph\">{\"@context\":\"https:\\\/\\\/schema.org\",\"@graph\":[{\"@type\":\"Article\",\"@id\":\"https:\\\/\\\/www.lajareslawoffices.com\\\/fr\\\/dois-je-payer-la-tva-pour-la-location-de-ma-maison-de-vacances-a-fuerteventura\\\/#article\",\"isPartOf\":{\"@id\":\"https:\\\/\\\/www.lajareslawoffices.com\\\/fr\\\/dois-je-payer-la-tva-pour-la-location-de-ma-maison-de-vacances-a-fuerteventura\\\/\"},\"author\":{\"name\":\"lajareslawoffices\",\"@id\":\"https:\\\/\\\/www.lajareslawoffices.com\\\/fr\\\/#\\\/schema\\\/person\\\/545f3b3d5470c5a41cb98cf72b24f250\"},\"headline\":\"Dois-je payer la TVA pour la location de ma maison de vacances \u00e0 Fuerteventura ?\",\"datePublished\":\"2024-04-03T07:58:33+00:00\",\"dateModified\":\"2024-04-03T08:01:38+00:00\",\"mainEntityOfPage\":{\"@id\":\"https:\\\/\\\/www.lajareslawoffices.com\\\/fr\\\/dois-je-payer-la-tva-pour-la-location-de-ma-maison-de-vacances-a-fuerteventura\\\/\"},\"wordCount\":2216,\"publisher\":{\"@id\":\"https:\\\/\\\/www.lajareslawoffices.com\\\/fr\\\/#organization\"},\"image\":{\"@id\":\"https:\\\/\\\/www.lajareslawoffices.com\\\/fr\\\/dois-je-payer-la-tva-pour-la-location-de-ma-maison-de-vacances-a-fuerteventura\\\/#primaryimage\"},\"thumbnailUrl\":\"https:\\\/\\\/www.lajareslawoffices.com\\\/wp-content\\\/uploads\\\/2024\\\/03\\\/relax-429006_1280.jpg\",\"articleSection\":[\"Locations de vacances\"],\"inLanguage\":\"fr-FR\"},{\"@type\":\"WebPage\",\"@id\":\"https:\\\/\\\/www.lajareslawoffices.com\\\/fr\\\/dois-je-payer-la-tva-pour-la-location-de-ma-maison-de-vacances-a-fuerteventura\\\/\",\"url\":\"https:\\\/\\\/www.lajareslawoffices.com\\\/fr\\\/dois-je-payer-la-tva-pour-la-location-de-ma-maison-de-vacances-a-fuerteventura\\\/\",\"name\":\"Dois-je payer la TVA pour la location de ma maison de vacances \u00e0 Fuerteventura ? - Lajares Law Offices\",\"isPartOf\":{\"@id\":\"https:\\\/\\\/www.lajareslawoffices.com\\\/fr\\\/#website\"},\"primaryImageOfPage\":{\"@id\":\"https:\\\/\\\/www.lajareslawoffices.com\\\/fr\\\/dois-je-payer-la-tva-pour-la-location-de-ma-maison-de-vacances-a-fuerteventura\\\/#primaryimage\"},\"image\":{\"@id\":\"https:\\\/\\\/www.lajareslawoffices.com\\\/fr\\\/dois-je-payer-la-tva-pour-la-location-de-ma-maison-de-vacances-a-fuerteventura\\\/#primaryimage\"},\"thumbnailUrl\":\"https:\\\/\\\/www.lajareslawoffices.com\\\/wp-content\\\/uploads\\\/2024\\\/03\\\/relax-429006_1280.jpg\",\"datePublished\":\"2024-04-03T07:58:33+00:00\",\"dateModified\":\"2024-04-03T08:01:38+00:00\",\"breadcrumb\":{\"@id\":\"https:\\\/\\\/www.lajareslawoffices.com\\\/fr\\\/dois-je-payer-la-tva-pour-la-location-de-ma-maison-de-vacances-a-fuerteventura\\\/#breadcrumb\"},\"inLanguage\":\"fr-FR\",\"potentialAction\":[{\"@type\":\"ReadAction\",\"target\":[\"https:\\\/\\\/www.lajareslawoffices.com\\\/fr\\\/dois-je-payer-la-tva-pour-la-location-de-ma-maison-de-vacances-a-fuerteventura\\\/\"]}]},{\"@type\":\"ImageObject\",\"inLanguage\":\"fr-FR\",\"@id\":\"https:\\\/\\\/www.lajareslawoffices.com\\\/fr\\\/dois-je-payer-la-tva-pour-la-location-de-ma-maison-de-vacances-a-fuerteventura\\\/#primaryimage\",\"url\":\"https:\\\/\\\/www.lajareslawoffices.com\\\/wp-content\\\/uploads\\\/2024\\\/03\\\/relax-429006_1280.jpg\",\"contentUrl\":\"https:\\\/\\\/www.lajareslawoffices.com\\\/wp-content\\\/uploads\\\/2024\\\/03\\\/relax-429006_1280.jpg\",\"width\":1280,\"height\":853},{\"@type\":\"BreadcrumbList\",\"@id\":\"https:\\\/\\\/www.lajareslawoffices.com\\\/fr\\\/dois-je-payer-la-tva-pour-la-location-de-ma-maison-de-vacances-a-fuerteventura\\\/#breadcrumb\",\"itemListElement\":[{\"@type\":\"ListItem\",\"position\":1,\"name\":\"Home\",\"item\":\"https:\\\/\\\/www.lajareslawoffices.com\\\/fr\\\/\"},{\"@type\":\"ListItem\",\"position\":2,\"name\":\"Dois-je payer la TVA pour la location de ma maison de vacances \u00e0 Fuerteventura ?\"}]},{\"@type\":\"WebSite\",\"@id\":\"https:\\\/\\\/www.lajareslawoffices.com\\\/fr\\\/#website\",\"url\":\"https:\\\/\\\/www.lajareslawoffices.com\\\/fr\\\/\",\"name\":\"Lajares Law Offices\",\"description\":\"Property law, Taxes and Inheritance in Spain\",\"publisher\":{\"@id\":\"https:\\\/\\\/www.lajareslawoffices.com\\\/fr\\\/#organization\"},\"potentialAction\":[{\"@type\":\"SearchAction\",\"target\":{\"@type\":\"EntryPoint\",\"urlTemplate\":\"https:\\\/\\\/www.lajareslawoffices.com\\\/fr\\\/?s={search_term_string}\"},\"query-input\":{\"@type\":\"PropertyValueSpecification\",\"valueRequired\":true,\"valueName\":\"search_term_string\"}}],\"inLanguage\":\"fr-FR\"},{\"@type\":\"Organization\",\"@id\":\"https:\\\/\\\/www.lajareslawoffices.com\\\/fr\\\/#organization\",\"name\":\"Lajares Law Office\",\"url\":\"https:\\\/\\\/www.lajareslawoffices.com\\\/fr\\\/\",\"logo\":{\"@type\":\"ImageObject\",\"inLanguage\":\"fr-FR\",\"@id\":\"https:\\\/\\\/www.lajareslawoffices.com\\\/fr\\\/#\\\/schema\\\/logo\\\/image\\\/\",\"url\":\"https:\\\/\\\/www.lajareslawoffices.com\\\/wp-content\\\/uploads\\\/2019\\\/11\\\/lajares-law-offices-black-3.svg\",\"contentUrl\":\"https:\\\/\\\/www.lajareslawoffices.com\\\/wp-content\\\/uploads\\\/2019\\\/11\\\/lajares-law-offices-black-3.svg\",\"width\":1,\"height\":1,\"caption\":\"Lajares Law Office\"},\"image\":{\"@id\":\"https:\\\/\\\/www.lajareslawoffices.com\\\/fr\\\/#\\\/schema\\\/logo\\\/image\\\/\"}},{\"@type\":\"Person\",\"@id\":\"https:\\\/\\\/www.lajareslawoffices.com\\\/fr\\\/#\\\/schema\\\/person\\\/545f3b3d5470c5a41cb98cf72b24f250\",\"name\":\"lajareslawoffices\",\"image\":{\"@type\":\"ImageObject\",\"inLanguage\":\"fr-FR\",\"@id\":\"https:\\\/\\\/secure.gravatar.com\\\/avatar\\\/87951f619423311dcbb65a33775715230298177f071bc33882d911741d056ab6?s=96&d=mm&r=g\",\"url\":\"https:\\\/\\\/secure.gravatar.com\\\/avatar\\\/87951f619423311dcbb65a33775715230298177f071bc33882d911741d056ab6?s=96&d=mm&r=g\",\"contentUrl\":\"https:\\\/\\\/secure.gravatar.com\\\/avatar\\\/87951f619423311dcbb65a33775715230298177f071bc33882d911741d056ab6?s=96&d=mm&r=g\",\"caption\":\"lajareslawoffices\"}}]}<\/script>\n<!-- \/ Yoast SEO plugin. -->","yoast_head_json":{"title":"Dois-je payer la TVA pour la location de ma maison de vacances \u00e0 Fuerteventura ? - Lajares Law Offices","robots":{"index":"index","follow":"follow","max-snippet":"max-snippet:-1","max-image-preview":"max-image-preview:large","max-video-preview":"max-video-preview:-1"},"canonical":"https:\/\/www.lajareslawoffices.com\/fr\/dois-je-payer-la-tva-pour-la-location-de-ma-maison-de-vacances-a-fuerteventura\/","og_locale":"fr_FR","og_type":"article","og_title":"Dois-je payer la TVA pour la location de ma maison de vacances \u00e0 Fuerteventura ? - Lajares Law Offices","og_description":"Comme nous l'avions indiqu\u00e9 au d\u00e9but de l'ann\u00e9e 2024, les modifications susceptibles d'affecter les locations de vacances sur l'\u00eele seraient un sujet majeur. Une certaine agitation a d\u00e9j\u00e0 commenc\u00e9 en janvier apr\u00e8s une publication du gouvernement canarien,\u00a0https:\/\/www3.gobiernodecanarias.org\/tributos\/atc\/estatico\/publicacion\/novedad\/pdf\/Cuadro_NOVEDADES_TRIBUTARIAS_2024_Ley_Presupuestos.pdf dont le libell\u00e9 est le suivant : \" Depuis le 1er janvier 2024, les personnes physiques non \u00e9tablies [&hellip;]","og_url":"https:\/\/www.lajareslawoffices.com\/fr\/dois-je-payer-la-tva-pour-la-location-de-ma-maison-de-vacances-a-fuerteventura\/","og_site_name":"Lajares Law Offices","article_published_time":"2024-04-03T07:58:33+00:00","article_modified_time":"2024-04-03T08:01:38+00:00","og_image":[{"width":1280,"height":853,"url":"https:\/\/www.lajareslawoffices.com\/wp-content\/uploads\/2024\/03\/relax-429006_1280.jpg","type":"image\/jpeg"}],"author":"lajareslawoffices","twitter_card":"summary_large_image","twitter_misc":{"\u00c9crit par":"lajareslawoffices","Dur\u00e9e de lecture estim\u00e9e":"11 minutes"},"schema":{"@context":"https:\/\/schema.org","@graph":[{"@type":"Article","@id":"https:\/\/www.lajareslawoffices.com\/fr\/dois-je-payer-la-tva-pour-la-location-de-ma-maison-de-vacances-a-fuerteventura\/#article","isPartOf":{"@id":"https:\/\/www.lajareslawoffices.com\/fr\/dois-je-payer-la-tva-pour-la-location-de-ma-maison-de-vacances-a-fuerteventura\/"},"author":{"name":"lajareslawoffices","@id":"https:\/\/www.lajareslawoffices.com\/fr\/#\/schema\/person\/545f3b3d5470c5a41cb98cf72b24f250"},"headline":"Dois-je payer la TVA pour la location de ma maison de vacances \u00e0 Fuerteventura ?","datePublished":"2024-04-03T07:58:33+00:00","dateModified":"2024-04-03T08:01:38+00:00","mainEntityOfPage":{"@id":"https:\/\/www.lajareslawoffices.com\/fr\/dois-je-payer-la-tva-pour-la-location-de-ma-maison-de-vacances-a-fuerteventura\/"},"wordCount":2216,"publisher":{"@id":"https:\/\/www.lajareslawoffices.com\/fr\/#organization"},"image":{"@id":"https:\/\/www.lajareslawoffices.com\/fr\/dois-je-payer-la-tva-pour-la-location-de-ma-maison-de-vacances-a-fuerteventura\/#primaryimage"},"thumbnailUrl":"https:\/\/www.lajareslawoffices.com\/wp-content\/uploads\/2024\/03\/relax-429006_1280.jpg","articleSection":["Locations de vacances"],"inLanguage":"fr-FR"},{"@type":"WebPage","@id":"https:\/\/www.lajareslawoffices.com\/fr\/dois-je-payer-la-tva-pour-la-location-de-ma-maison-de-vacances-a-fuerteventura\/","url":"https:\/\/www.lajareslawoffices.com\/fr\/dois-je-payer-la-tva-pour-la-location-de-ma-maison-de-vacances-a-fuerteventura\/","name":"Dois-je payer la TVA pour la location de ma maison de vacances \u00e0 Fuerteventura ? - Lajares Law Offices","isPartOf":{"@id":"https:\/\/www.lajareslawoffices.com\/fr\/#website"},"primaryImageOfPage":{"@id":"https:\/\/www.lajareslawoffices.com\/fr\/dois-je-payer-la-tva-pour-la-location-de-ma-maison-de-vacances-a-fuerteventura\/#primaryimage"},"image":{"@id":"https:\/\/www.lajareslawoffices.com\/fr\/dois-je-payer-la-tva-pour-la-location-de-ma-maison-de-vacances-a-fuerteventura\/#primaryimage"},"thumbnailUrl":"https:\/\/www.lajareslawoffices.com\/wp-content\/uploads\/2024\/03\/relax-429006_1280.jpg","datePublished":"2024-04-03T07:58:33+00:00","dateModified":"2024-04-03T08:01:38+00:00","breadcrumb":{"@id":"https:\/\/www.lajareslawoffices.com\/fr\/dois-je-payer-la-tva-pour-la-location-de-ma-maison-de-vacances-a-fuerteventura\/#breadcrumb"},"inLanguage":"fr-FR","potentialAction":[{"@type":"ReadAction","target":["https:\/\/www.lajareslawoffices.com\/fr\/dois-je-payer-la-tva-pour-la-location-de-ma-maison-de-vacances-a-fuerteventura\/"]}]},{"@type":"ImageObject","inLanguage":"fr-FR","@id":"https:\/\/www.lajareslawoffices.com\/fr\/dois-je-payer-la-tva-pour-la-location-de-ma-maison-de-vacances-a-fuerteventura\/#primaryimage","url":"https:\/\/www.lajareslawoffices.com\/wp-content\/uploads\/2024\/03\/relax-429006_1280.jpg","contentUrl":"https:\/\/www.lajareslawoffices.com\/wp-content\/uploads\/2024\/03\/relax-429006_1280.jpg","width":1280,"height":853},{"@type":"BreadcrumbList","@id":"https:\/\/www.lajareslawoffices.com\/fr\/dois-je-payer-la-tva-pour-la-location-de-ma-maison-de-vacances-a-fuerteventura\/#breadcrumb","itemListElement":[{"@type":"ListItem","position":1,"name":"Home","item":"https:\/\/www.lajareslawoffices.com\/fr\/"},{"@type":"ListItem","position":2,"name":"Dois-je payer la TVA pour la location de ma maison de vacances \u00e0 Fuerteventura ?"}]},{"@type":"WebSite","@id":"https:\/\/www.lajareslawoffices.com\/fr\/#website","url":"https:\/\/www.lajareslawoffices.com\/fr\/","name":"Lajares Law Offices","description":"Property law, Taxes and Inheritance in Spain","publisher":{"@id":"https:\/\/www.lajareslawoffices.com\/fr\/#organization"},"potentialAction":[{"@type":"SearchAction","target":{"@type":"EntryPoint","urlTemplate":"https:\/\/www.lajareslawoffices.com\/fr\/?s={search_term_string}"},"query-input":{"@type":"PropertyValueSpecification","valueRequired":true,"valueName":"search_term_string"}}],"inLanguage":"fr-FR"},{"@type":"Organization","@id":"https:\/\/www.lajareslawoffices.com\/fr\/#organization","name":"Lajares Law Office","url":"https:\/\/www.lajareslawoffices.com\/fr\/","logo":{"@type":"ImageObject","inLanguage":"fr-FR","@id":"https:\/\/www.lajareslawoffices.com\/fr\/#\/schema\/logo\/image\/","url":"https:\/\/www.lajareslawoffices.com\/wp-content\/uploads\/2019\/11\/lajares-law-offices-black-3.svg","contentUrl":"https:\/\/www.lajareslawoffices.com\/wp-content\/uploads\/2019\/11\/lajares-law-offices-black-3.svg","width":1,"height":1,"caption":"Lajares Law Office"},"image":{"@id":"https:\/\/www.lajareslawoffices.com\/fr\/#\/schema\/logo\/image\/"}},{"@type":"Person","@id":"https:\/\/www.lajareslawoffices.com\/fr\/#\/schema\/person\/545f3b3d5470c5a41cb98cf72b24f250","name":"lajareslawoffices","image":{"@type":"ImageObject","inLanguage":"fr-FR","@id":"https:\/\/secure.gravatar.com\/avatar\/87951f619423311dcbb65a33775715230298177f071bc33882d911741d056ab6?s=96&d=mm&r=g","url":"https:\/\/secure.gravatar.com\/avatar\/87951f619423311dcbb65a33775715230298177f071bc33882d911741d056ab6?s=96&d=mm&r=g","contentUrl":"https:\/\/secure.gravatar.com\/avatar\/87951f619423311dcbb65a33775715230298177f071bc33882d911741d056ab6?s=96&d=mm&r=g","caption":"lajareslawoffices"}}]}},"_links":{"self":[{"href":"https:\/\/www.lajareslawoffices.com\/fr\/wp-json\/wp\/v2\/posts\/7903","targetHints":{"allow":["GET"]}}],"collection":[{"href":"https:\/\/www.lajareslawoffices.com\/fr\/wp-json\/wp\/v2\/posts"}],"about":[{"href":"https:\/\/www.lajareslawoffices.com\/fr\/wp-json\/wp\/v2\/types\/post"}],"author":[{"embeddable":true,"href":"https:\/\/www.lajareslawoffices.com\/fr\/wp-json\/wp\/v2\/users\/2"}],"replies":[{"embeddable":true,"href":"https:\/\/www.lajareslawoffices.com\/fr\/wp-json\/wp\/v2\/comments?post=7903"}],"version-history":[{"count":5,"href":"https:\/\/www.lajareslawoffices.com\/fr\/wp-json\/wp\/v2\/posts\/7903\/revisions"}],"predecessor-version":[{"id":7908,"href":"https:\/\/www.lajareslawoffices.com\/fr\/wp-json\/wp\/v2\/posts\/7903\/revisions\/7908"}],"wp:featuredmedia":[{"embeddable":true,"href":"https:\/\/www.lajareslawoffices.com\/fr\/wp-json\/wp\/v2\/media\/7895"}],"wp:attachment":[{"href":"https:\/\/www.lajareslawoffices.com\/fr\/wp-json\/wp\/v2\/media?parent=7903"}],"wp:term":[{"taxonomy":"category","embeddable":true,"href":"https:\/\/www.lajareslawoffices.com\/fr\/wp-json\/wp\/v2\/categories?post=7903"},{"taxonomy":"post_tag","embeddable":true,"href":"https:\/\/www.lajareslawoffices.com\/fr\/wp-json\/wp\/v2\/tags?post=7903"}],"curies":[{"name":"wp","href":"https:\/\/api.w.org\/{rel}","templated":true}]}}